{"id":298,"date":"2013-10-17T11:17:55","date_gmt":"2013-10-17T09:17:55","guid":{"rendered":"http:\/\/kulturakademin.se\/stornila\/?p=298"},"modified":"2013-10-17T11:17:55","modified_gmt":"2013-10-17T09:17:55","slug":"per-egland-pa-besok","status":"publish","type":"post","link":"https:\/\/kulturakademin.se\/stornila\/per-egland-pa-besok\/","title":{"rendered":"Per Egland p\u00e5 bes\u00f6k!"},"content":{"rendered":"<p><a href=\"http:\/\/kulturakademin.se\/stornila\/wp-content\/uploads\/sites\/20\/2013\/10\/per-egland.jpg\"><img loading=\"lazy\" decoding=\"async\" class=\"alignnone size-full wp-image-299\" alt=\"per egland\" src=\"http:\/\/kulturakademin.se\/stornila\/wp-content\/uploads\/sites\/20\/2013\/10\/per-egland.jpg\" width=\"240\" height=\"180\" \/><\/a>Per Egland bes\u00f6kte b\u00e5de Storuman och T\u00e4rnaby f\u00f6r att h\u00f6ra hur det g\u00e5r f\u00f6r ungdomarna. Det \u00e4r nog f\u00f6rsta g\u00e5ngen att han har h\u00f6rt musiken &#8221;live&#8221;. Han kunde svara p\u00e5 fr\u00e5gor samt ta intryck av hur ungdomar bekantade sig med l\u00e5tarna. Sedan \u00e5kte han till Lycksele d\u00e4r han uppt\u00e4ckte en &#8221;elevrevolt&#8221; mot technostilen i en av l\u00e5tarna. Det blir nog punk i st\u00e4llet &#8211; &#8221;underbart&#8221; tyckte Per som satt upp halva natten f\u00f6r att arrangera om l\u00e5ten!<\/p>\n<p>&nbsp;<\/p>\n","protected":false},"excerpt":{"rendered":"<p>Per Egland bes\u00f6kte b\u00e5de Storuman och T\u00e4rnaby f\u00f6r att h\u00f6ra hur det g\u00e5r f\u00f6r ungdomarna. Det \u00e4r nog f\u00f6rsta g\u00e5ngen att han har h\u00f6rt musiken &#8221;live&#8221;. Han kunde svara p\u00e5 fr\u00e5gor samt ta intryck av hur ungdomar bekantade sig med l\u00e5tarna. Sedan \u00e5kte han till Lycksele d\u00e4r han uppt\u00e4ckte en &#8221;elevrevolt&#8221; mot technostilen i en [&hellip;]<\/p>\n","protected":false},"author":3,"featured_media":299,"comment_status":"closed","ping_status":"closed","sticky":false,"template":"","format":"standard","meta":{"_genesis_hide_title":false,"_genesis_hide_breadcrumbs":false,"_genesis_hide_singular_image":false,"_genesis_hide_footer_widgets":false,"_genesis_custom_body_class":"","_genesis_custom_post_class":"","_genesis_layout":"","footnotes":""},"categories":[4],"tags":[],"featured_image_src":"https:\/\/kulturakademin.se\/stornila\/wp-content\/uploads\/sites\/20\/2013\/10\/per-egland.jpg","featured_image_src_square":"https:\/\/kulturakademin.se\/stornila\/wp-content\/uploads\/sites\/20\/2013\/10\/per-egland.jpg","author_info":{"display_name":"Duncan","author_link":"https:\/\/kulturakademin.se\/stornila\/author\/mr-duncan\/"},"_links":{"self":[{"href":"https:\/\/kulturakademin.se\/stornila\/wp-json\/wp\/v2\/posts\/298"}],"collection":[{"href":"https:\/\/kulturakademin.se\/stornila\/wp-json\/wp\/v2\/posts"}],"about":[{"href":"https:\/\/kulturakademin.se\/stornila\/wp-json\/wp\/v2\/types\/post"}],"author":[{"embeddable":true,"href":"https:\/\/kulturakademin.se\/stornila\/wp-json\/wp\/v2\/users\/3"}],"replies":[{"embeddable":true,"href":"https:\/\/kulturakademin.se\/stornila\/wp-json\/wp\/v2\/comments?post=298"}],"version-history":[{"count":1,"href":"https:\/\/kulturakademin.se\/stornila\/wp-json\/wp\/v2\/posts\/298\/revisions"}],"predecessor-version":[{"id":300,"href":"https:\/\/kulturakademin.se\/stornila\/wp-json\/wp\/v2\/posts\/298\/revisions\/300"}],"wp:featuredmedia":[{"embeddable":true,"href":"https:\/\/kulturakademin.se\/stornila\/wp-json\/wp\/v2\/media\/299"}],"wp:attachment":[{"href":"https:\/\/kulturakademin.se\/stornila\/wp-json\/wp\/v2\/media?parent=298"}],"wp:term":[{"taxonomy":"category","embeddable":true,"href":"https:\/\/kulturakademin.se\/stornila\/wp-json\/wp\/v2\/categories?post=298"},{"taxonomy":"post_tag","embeddable":true,"href":"https:\/\/kulturakademin.se\/stornila\/wp-json\/wp\/v2\/tags?post=298"}],"curies":[{"name":"wp","href":"https:\/\/api.w.org\/{rel}","templated":true}]}}