{"id":126,"date":"2013-09-04T11:47:20","date_gmt":"2013-09-04T09:47:20","guid":{"rendered":"http:\/\/kulturakademin.se\/stornila\/?p=126"},"modified":"2013-09-04T11:47:20","modified_gmt":"2013-09-04T09:47:20","slug":"musiken-finns-nu-pa-hemsidan","status":"publish","type":"post","link":"https:\/\/kulturakademin.se\/stornila\/musiken-finns-nu-pa-hemsidan\/","title":{"rendered":"Musiken finns nu p\u00e5 hemsidan"},"content":{"rendered":"<p>Audiofiler i MP3 format nu finns p\u00e5 hemsidan. Det \u00e4r Per Egland som har fixat dessa filer och det \u00e4r meningen att de ska anv\u00e4ndas f\u00f6r att hj\u00e4lpa ungdomarna i musikarbetet.<\/p>\n<p>Klicka <a title=\"Musikfiler\" href=\"http:\/\/kulturakademin.se\/stornila\/musikfiler\/\">h\u00e4r<\/a> f\u00f6r att komma till sidan med audiofiler eller klicka p\u00e5 Studiematerialknappen.<\/p>\n<p>&nbsp;<\/p>\n","protected":false},"excerpt":{"rendered":"<p>Audiofiler i MP3 format nu finns p\u00e5 hemsidan. Det \u00e4r Per Egland som har fixat dessa filer och det \u00e4r meningen att de ska anv\u00e4ndas f\u00f6r att hj\u00e4lpa ungdomarna i musikarbetet. Klicka h\u00e4r f\u00f6r att komma till sidan med audiofiler eller klicka p\u00e5 Studiematerialknappen. &nbsp;<\/p>\n","protected":false},"author":3,"featured_media":0,"comment_status":"closed","ping_status":"closed","sticky":false,"template":"","format":"standard","meta":{"_genesis_hide_title":false,"_genesis_hide_breadcrumbs":false,"_genesis_hide_singular_image":false,"_genesis_hide_footer_widgets":false,"_genesis_custom_body_class":"","_genesis_custom_post_class":"","_genesis_layout":"","footnotes":""},"categories":[4],"tags":[],"featured_image_src":null,"featured_image_src_square":null,"author_info":{"display_name":"Duncan","author_link":"https:\/\/kulturakademin.se\/stornila\/author\/mr-duncan\/"},"_links":{"self":[{"href":"https:\/\/kulturakademin.se\/stornila\/wp-json\/wp\/v2\/posts\/126"}],"collection":[{"href":"https:\/\/kulturakademin.se\/stornila\/wp-json\/wp\/v2\/posts"}],"about":[{"href":"https:\/\/kulturakademin.se\/stornila\/wp-json\/wp\/v2\/types\/post"}],"author":[{"embeddable":true,"href":"https:\/\/kulturakademin.se\/stornila\/wp-json\/wp\/v2\/users\/3"}],"replies":[{"embeddable":true,"href":"https:\/\/kulturakademin.se\/stornila\/wp-json\/wp\/v2\/comments?post=126"}],"version-history":[{"count":1,"href":"https:\/\/kulturakademin.se\/stornila\/wp-json\/wp\/v2\/posts\/126\/revisions"}],"predecessor-version":[{"id":127,"href":"https:\/\/kulturakademin.se\/stornila\/wp-json\/wp\/v2\/posts\/126\/revisions\/127"}],"wp:attachment":[{"href":"https:\/\/kulturakademin.se\/stornila\/wp-json\/wp\/v2\/media?parent=126"}],"wp:term":[{"taxonomy":"category","embeddable":true,"href":"https:\/\/kulturakademin.se\/stornila\/wp-json\/wp\/v2\/categories?post=126"},{"taxonomy":"post_tag","embeddable":true,"href":"https:\/\/kulturakademin.se\/stornila\/wp-json\/wp\/v2\/tags?post=126"}],"curies":[{"name":"wp","href":"https:\/\/api.w.org\/{rel}","templated":true}]}}